{"id":1072,"date":"2020-07-14T01:43:00","date_gmt":"2020-07-14T01:43:00","guid":{"rendered":"http:\/\/demo.wpthemego.com\/themes\/sw_atom\/?p=1072"},"modified":"2020-07-31T01:14:29","modified_gmt":"2020-07-31T01:14:29","slug":"cambio-contrapestacion-decreto-887","status":"publish","type":"post","link":"https:\/\/sistemasfransan.com\/home\/2020\/07\/14\/cambio-contrapestacion-decreto-887\/","title":{"rendered":"Cambio en Contraprestaci\u00f3n &#8211; Decreto 887 del 25 de junio del 2020"},"content":{"rendered":"<div><p>El presidente de la Rep\u00fablica, en cumplimiento de la Ley 1369 de 2009, expidi\u00f3 el Decreto 887 del 25 de junio del 2020, que modifica el numeral 2 del art\u00edculo 2.2.8.4.4 del Decreto 1078 de 2015, para reducir la contraprestaci\u00f3n del 3 % al 2,5 % sobre los ingresos brutos por concepto de la prestaci\u00f3n de servicios postales, para la vigencia comprendida entre el 1 de julio del 2020 y el 30 de junio del 2022.<\/p>\n<p><!--more-->\u00abRealizamos el an\u00e1lisis t\u00e9cnico, financiero y econ\u00f3mico que incorpora los gastos de vigilancia y control a los servicios postales, as\u00ed como el financiamiento del Servicio Postal Universal, garantiza el cumplimiento de las metas del sector y, al mismo tiempo, permite dinamizar la reactivaci\u00f3n econ\u00f3mica. Nuestro prop\u00f3sito es garantizar a todos los colombianos servicios de calidad, prestados en forma permanente y, sobre todo, a precios m\u00e1s asequibles\u00bb, se\u00f1al\u00f3 la ministra TIC, Karen Abudinen.<\/p>\n<p>Si quieres conocer m\u00e1s del tema les recomiendo los siguientes link:<\/p>\n<ul>\n<li><a href=\"https:\/\/mintic.gov.co\/portal\/inicio\/Sala-de-Prensa\/Noticias\/145725:MinTIC-expide-decreto-para-fijar-la-contraprestacion-a-cargo-de-los-operadores-postales-para-el-periodo-2020-2022#:~:text=El%20Decreto%20887%20del%2025,%25%20al%202%2C5%20%25.\" target=\"_blank\" rel=\"noreferrer noopener\" aria-label=\"Leer m\u00e1s... (abre en una nueva pesta\u00f1a)\">Leer m\u00e1s\u2026<\/a><\/li>\n<li><a href=\"https:\/\/mintic.gov.co\/portal\/604\/articles-145725_recurso_1.pdf\" target=\"_blank\" rel=\"noreferrer noopener\" aria-label=\" (abre en una nueva pesta\u00f1a)\">Ver Decreto 887 del 25 de junio del 2020<\/a><\/li>\n<\/ul>\n<\/div>","protected":false},"excerpt":{"rendered":"<p>El presidente de la Rep\u00fablica, en cumplimiento de la Ley 1369 de 2009, expidi\u00f3 el Decreto 887 del 25 de junio del 2020, que modifica el numeral 2 del art\u00edculo 2.2.8.4.4 del Decreto 1078 de 2015, para reducir la contraprestaci\u00f3n &hellip; <a href=\"https:\/\/sistemasfransan.com\/home\/2020\/07\/14\/cambio-contrapestacion-decreto-887\/\">Readmore<\/a><\/p>\n","protected":false},"author":1,"featured_media":1840,"comment_status":"closed","ping_status":"closed","sticky":false,"template":"","format":"standard","meta":[],"categories":[16],"tags":[],"yoast_head":"<!-- This site is optimized with the Yoast SEO plugin v16.3 - https:\/\/yoast.com\/wordpress\/plugins\/seo\/ -->\n<title>Cambio en Contraprestaci\u00f3n - Decreto 887 del 25 de junio del 2020 - SISTEMAS FRANSAN SAS<\/title>\n<meta name=\"robots\" content=\"index, follow, max-snippet:-1, max-image-preview:large, max-video-preview:-1\" \/>\n<link rel=\"canonical\" href=\"https:\/\/sistemasfransan.com\/home\/2020\/07\/14\/cambio-contrapestacion-decreto-887\/\" \/>\n<meta property=\"og:locale\" content=\"es_ES\" \/>\n<meta property=\"og:type\" content=\"article\" \/>\n<meta property=\"og:title\" content=\"Cambio en Contraprestaci\u00f3n - Decreto 887 del 25 de junio del 2020 - SISTEMAS FRANSAN SAS\" \/>\n<meta property=\"og:description\" content=\"El presidente de la Rep\u00fablica, en cumplimiento de la Ley 1369 de 2009, expidi\u00f3 el Decreto 887 del 25 de junio del 2020, que modifica el numeral 2 del art\u00edculo 2.2.8.4.4 del Decreto 1078 de 2015, para reducir la contraprestaci\u00f3n &hellip; Readmore\" \/>\n<meta property=\"og:url\" content=\"https:\/\/sistemasfransan.com\/home\/2020\/07\/14\/cambio-contrapestacion-decreto-887\/\" \/>\n<meta property=\"og:site_name\" content=\"SISTEMAS FRANSAN SAS\" \/>\n<meta property=\"article:published_time\" content=\"2020-07-14T01:43:00+00:00\" \/>\n<meta property=\"article:modified_time\" content=\"2020-07-31T01:14:29+00:00\" \/>\n<meta property=\"og:image\" content=\"https:\/\/sistemasfransan.com\/home\/wp-content\/uploads\/2020\/07\/decreto_887_juio_25_del_2020.jpg\" \/>\n\t<meta property=\"og:image:width\" content=\"1170\" \/>\n\t<meta property=\"og:image:height\" content=\"430\" \/>\n<meta name=\"twitter:card\" content=\"summary_large_image\" \/>\n<meta name=\"twitter:label1\" content=\"Tiempo de lectura\">\n\t<meta name=\"twitter:data1\" content=\"1 minuto\">\n<script type=\"application\/ld+json\" class=\"yoast-schema-graph\">{\"@context\":\"https:\/\/schema.org\",\"@graph\":[{\"@type\":\"WebSite\",\"@id\":\"https:\/\/sistemasfransan.com\/home\/#website\",\"url\":\"https:\/\/sistemasfransan.com\/home\/\",\"name\":\"SISTEMAS FRANSAN SAS\",\"description\":\"Dise&ntilde;o  Web,  Dise&ntilde;o y Maquetaci&oacute;n de Aplicaciones Web y M&oacute;viles,  Publicidad gr&aacute;fica, Social Media Marketing, Asesor&iacute;a y Consultoria en sistemas y otros, Servicios de telecomunicaciones, Servicio inform&aacute;ticos y  Seguridad inform&aacute;tica , Cableado estructurado e  Infraestructura, Redes y comunicaciones.\",\"potentialAction\":[{\"@type\":\"SearchAction\",\"target\":\"https:\/\/sistemasfransan.com\/home\/?s={search_term_string}\",\"query-input\":\"required name=search_term_string\"}],\"inLanguage\":\"es\"},{\"@type\":\"ImageObject\",\"@id\":\"https:\/\/sistemasfransan.com\/home\/2020\/07\/14\/cambio-contrapestacion-decreto-887\/#primaryimage\",\"inLanguage\":\"es\",\"url\":\"https:\/\/sistemasfransan.com\/home\/wp-content\/uploads\/2020\/07\/decreto_887_juio_25_del_2020.jpg\",\"contentUrl\":\"https:\/\/sistemasfransan.com\/home\/wp-content\/uploads\/2020\/07\/decreto_887_juio_25_del_2020.jpg\",\"width\":1170,\"height\":430},{\"@type\":\"WebPage\",\"@id\":\"https:\/\/sistemasfransan.com\/home\/2020\/07\/14\/cambio-contrapestacion-decreto-887\/#webpage\",\"url\":\"https:\/\/sistemasfransan.com\/home\/2020\/07\/14\/cambio-contrapestacion-decreto-887\/\",\"name\":\"Cambio en Contraprestaci\\u00f3n - Decreto 887 del 25 de junio del 2020 - SISTEMAS FRANSAN SAS\",\"isPartOf\":{\"@id\":\"https:\/\/sistemasfransan.com\/home\/#website\"},\"primaryImageOfPage\":{\"@id\":\"https:\/\/sistemasfransan.com\/home\/2020\/07\/14\/cambio-contrapestacion-decreto-887\/#primaryimage\"},\"datePublished\":\"2020-07-14T01:43:00+00:00\",\"dateModified\":\"2020-07-31T01:14:29+00:00\",\"author\":{\"@id\":\"https:\/\/sistemasfransan.com\/home\/#\/schema\/person\/2877ca489c6c052f022348db9dc18ef3\"},\"breadcrumb\":{\"@id\":\"https:\/\/sistemasfransan.com\/home\/2020\/07\/14\/cambio-contrapestacion-decreto-887\/#breadcrumb\"},\"inLanguage\":\"es\",\"potentialAction\":[{\"@type\":\"ReadAction\",\"target\":[\"https:\/\/sistemasfransan.com\/home\/2020\/07\/14\/cambio-contrapestacion-decreto-887\/\"]}]},{\"@type\":\"BreadcrumbList\",\"@id\":\"https:\/\/sistemasfransan.com\/home\/2020\/07\/14\/cambio-contrapestacion-decreto-887\/#breadcrumb\",\"itemListElement\":[{\"@type\":\"ListItem\",\"position\":1,\"item\":{\"@type\":\"WebPage\",\"@id\":\"https:\/\/sistemasfransan.com\/home\/\",\"url\":\"https:\/\/sistemasfransan.com\/home\/\",\"name\":\"Home\"}},{\"@type\":\"ListItem\",\"position\":2,\"item\":{\"@id\":\"https:\/\/sistemasfransan.com\/home\/2020\/07\/14\/cambio-contrapestacion-decreto-887\/#webpage\"}}]},{\"@type\":\"Person\",\"@id\":\"https:\/\/sistemasfransan.com\/home\/#\/schema\/person\/2877ca489c6c052f022348db9dc18ef3\",\"name\":\"administrador\",\"image\":{\"@type\":\"ImageObject\",\"@id\":\"https:\/\/sistemasfransan.com\/home\/#personlogo\",\"inLanguage\":\"es\",\"url\":\"https:\/\/secure.gravatar.com\/avatar\/3e3aa7e299f81b93d5ec318cc7957380?s=96&d=mm&r=g\",\"contentUrl\":\"https:\/\/secure.gravatar.com\/avatar\/3e3aa7e299f81b93d5ec318cc7957380?s=96&d=mm&r=g\",\"caption\":\"administrador\"},\"sameAs\":[\"http:\/\/www.sistemasfransan.com\"],\"url\":\"https:\/\/sistemasfransan.com\/home\/author\/administrador\/\"}]}<\/script>\n<!-- \/ Yoast SEO plugin. -->","_links":{"self":[{"href":"https:\/\/sistemasfransan.com\/home\/wp-json\/wp\/v2\/posts\/1072"}],"collection":[{"href":"https:\/\/sistemasfransan.com\/home\/wp-json\/wp\/v2\/posts"}],"about":[{"href":"https:\/\/sistemasfransan.com\/home\/wp-json\/wp\/v2\/types\/post"}],"author":[{"embeddable":true,"href":"https:\/\/sistemasfransan.com\/home\/wp-json\/wp\/v2\/users\/1"}],"replies":[{"embeddable":true,"href":"https:\/\/sistemasfransan.com\/home\/wp-json\/wp\/v2\/comments?post=1072"}],"version-history":[{"count":3,"href":"https:\/\/sistemasfransan.com\/home\/wp-json\/wp\/v2\/posts\/1072\/revisions"}],"predecessor-version":[{"id":1841,"href":"https:\/\/sistemasfransan.com\/home\/wp-json\/wp\/v2\/posts\/1072\/revisions\/1841"}],"wp:featuredmedia":[{"embeddable":true,"href":"https:\/\/sistemasfransan.com\/home\/wp-json\/wp\/v2\/media\/1840"}],"wp:attachment":[{"href":"https:\/\/sistemasfransan.com\/home\/wp-json\/wp\/v2\/media?parent=1072"}],"wp:term":[{"taxonomy":"category","embeddable":true,"href":"https:\/\/sistemasfransan.com\/home\/wp-json\/wp\/v2\/categories?post=1072"},{"taxonomy":"post_tag","embeddable":true,"href":"https:\/\/sistemasfransan.com\/home\/wp-json\/wp\/v2\/tags?post=1072"}],"curies":[{"name":"wp","href":"https:\/\/api.w.org\/{rel}","templated":true}]}}